{"id":116,"date":"2007-09-17T11:51:29","date_gmt":"2007-09-17T09:51:29","guid":{"rendered":"http:\/\/www.juliettezara.net\/enfantissages\/index.php\/2007\/09\/17\/nuee-3\/"},"modified":"2009-08-28T13:41:08","modified_gmt":"2009-08-28T12:41:08","slug":"nuee-3","status":"publish","type":"post","link":"https:\/\/www.juliettezara.net\/enfantissages\/index.php\/2007\/09\/17\/nuee-3\/","title":{"rendered":"Nu\u00e9e, 3"},"content":{"rendered":"<p><center><a href=\"http:\/\/www.juliettezara.net\/enfantissages\/wp-content\/IMG_4912.jpg\" title=\"{jeublog7} Vagues de points\"><img decoding=\"async\" src=\"http:\/\/www.juliettezara.net\/enfantissages\/wp-content\/IMG_4912.jpg\" alt=\"Vagues de points\"  width=\"400\"\/><\/a><\/p>\n<p><a href=\"http:\/\/www.juliettezara.net\/enfantissages\/wp-content\/img_4924.jpg\" title=\"{jeublog7} Colima\u00e7on de points\"><img decoding=\"async\" src=\"http:\/\/www.juliettezara.net\/enfantissages\/wp-content\/img_4924.jpg\" alt=\"Colima\u00e7on de points\"  width=\"400\"\/><\/a><\/p>\n<p><a href=\"http:\/\/jeublogue.canalblog.com\/\" title=\"Jeublog\"><img decoding=\"async\" src=\"http:\/\/www.juliettezara.net\/enfantissages\/wp-content\/jeublog.miniature.gif\" alt=\"Jeublog\" \/><\/a><\/center><\/p>\n<p>Photos prises au Parc de la Villette, o\u00f9 avait lieu, samedi 15 septembre, la <a href=\"http:\/\/jipli.free.fr\/\">JIPLI (journ\u00e9e internationale pour la libert\u00e9 de l&rsquo;instruction)<\/a>. <\/p>\n<p>Deux autres photos pour cette nu\u00e9e de points:<\/p>\n<p><center><a href=\"http:\/\/www.juliettezara.net\/enfantissages\/wp-content\/img_4844.jpg\" title=\"{jeublog7} Illusion d\u2019optique\"><img decoding=\"async\" src=\"http:\/\/www.juliettezara.net\/enfantissages\/wp-content\/img_4844.jpg\" alt=\"Illusion d\u2019optique\" width=\"400\"\/><\/a><\/p>\n<p><a href=\"http:\/\/www.juliettezara.net\/enfantissages\/wp-content\/img_4925.jpg\" title=\"{jeublog7} Rouge et noir\"><img decoding=\"async\" src=\"http:\/\/www.juliettezara.net\/enfantissages\/wp-content\/img_4925.jpg\" alt=\"Rouge et noir\" width=\"400\"\/><\/a><\/center><\/p>\n","protected":false},"excerpt":{"rendered":"<p>Photos prises au Parc de la Villette, o\u00f9 avait lieu, samedi 15 septembre, la JIPLI (journ\u00e9e internationale pour la libert\u00e9 de l&rsquo;instruction). Deux autres photos pour cette nu\u00e9e de points:<\/p>\n","protected":false},"author":1,"featured_media":0,"comment_status":"open","ping_status":"open","sticky":false,"template":"","format":"standard","meta":[],"categories":[21],"tags":[],"_links":{"self":[{"href":"https:\/\/www.juliettezara.net\/enfantissages\/index.php\/wp-json\/wp\/v2\/posts\/116"}],"collection":[{"href":"https:\/\/www.juliettezara.net\/enfantissages\/index.php\/wp-json\/wp\/v2\/posts"}],"about":[{"href":"https:\/\/www.juliettezara.net\/enfantissages\/index.php\/wp-json\/wp\/v2\/types\/post"}],"author":[{"embeddable":true,"href":"https:\/\/www.juliettezara.net\/enfantissages\/index.php\/wp-json\/wp\/v2\/users\/1"}],"replies":[{"embeddable":true,"href":"https:\/\/www.juliettezara.net\/enfantissages\/index.php\/wp-json\/wp\/v2\/comments?post=116"}],"version-history":[{"count":0,"href":"https:\/\/www.juliettezara.net\/enfantissages\/index.php\/wp-json\/wp\/v2\/posts\/116\/revisions"}],"wp:attachment":[{"href":"https:\/\/www.juliettezara.net\/enfantissages\/index.php\/wp-json\/wp\/v2\/media?parent=116"}],"wp:term":[{"taxonomy":"category","embeddable":true,"href":"https:\/\/www.juliettezara.net\/enfantissages\/index.php\/wp-json\/wp\/v2\/categories?post=116"},{"taxonomy":"post_tag","embeddable":true,"href":"https:\/\/www.juliettezara.net\/enfantissages\/index.php\/wp-json\/wp\/v2\/tags?post=116"}],"curies":[{"name":"wp","href":"https:\/\/api.w.org\/{rel}","templated":true}]}}