{"id":122,"date":"2007-09-26T16:50:06","date_gmt":"2007-09-26T14:50:06","guid":{"rendered":"http:\/\/www.juliettezara.net\/enfantissages\/index.php\/2007\/09\/26\/brume\/"},"modified":"2007-09-26T16:55:07","modified_gmt":"2007-09-26T14:55:07","slug":"brume","status":"publish","type":"post","link":"https:\/\/www.juliettezara.net\/enfantissages\/index.php\/2007\/09\/26\/brume\/","title":{"rendered":"Brume"},"content":{"rendered":"<blockquote><p>Mettre de l&rsquo;ordre dans mes id\u00e9es, mes sentiments, mes \u00e9motions. Oui, mais pourquoi pas par le flot du chaos? C&rsquo;est la confusion qui r\u00e8gne dans ce corps, cette \u00e2me, cet esprit. C&rsquo;est une brume \u00e9paisse que je voudrais dissiper. Que dissimule-t-elle? Un petit enfant sans doute, dans sa cage de douleur. Il ne doit pas savoir qui il est. Il ne se distingue pas de ses bourreaux. Qui le prot\u00e9gera? Ce ne peut \u00eatre que moi.<\/p><\/blockquote>\n<p><em>Derni\u00e8res traces d&rsquo;un autre carnet<\/em><br \/>\nS\u00e9r\u00e9nissime, 8 f\u00e9vrier 2007.<\/p>\n","protected":false},"excerpt":{"rendered":"<p>Mettre de l&rsquo;ordre dans mes id\u00e9es, mes sentiments, mes \u00e9motions. Oui, mais pourquoi pas par le flot du chaos? C&rsquo;est la confusion qui r\u00e8gne dans ce corps, cette \u00e2me, cet esprit. C&rsquo;est une brume \u00e9paisse que je voudrais dissiper. Que &hellip; <a href=\"https:\/\/www.juliettezara.net\/enfantissages\/index.php\/2007\/09\/26\/brume\/\">Continuer la lecture <span class=\"meta-nav\">&rarr;<\/span><\/a><\/p>\n","protected":false},"author":1,"featured_media":0,"comment_status":"open","ping_status":"open","sticky":false,"template":"","format":"standard","meta":[],"categories":[15],"tags":[],"_links":{"self":[{"href":"https:\/\/www.juliettezara.net\/enfantissages\/index.php\/wp-json\/wp\/v2\/posts\/122"}],"collection":[{"href":"https:\/\/www.juliettezara.net\/enfantissages\/index.php\/wp-json\/wp\/v2\/posts"}],"about":[{"href":"https:\/\/www.juliettezara.net\/enfantissages\/index.php\/wp-json\/wp\/v2\/types\/post"}],"author":[{"embeddable":true,"href":"https:\/\/www.juliettezara.net\/enfantissages\/index.php\/wp-json\/wp\/v2\/users\/1"}],"replies":[{"embeddable":true,"href":"https:\/\/www.juliettezara.net\/enfantissages\/index.php\/wp-json\/wp\/v2\/comments?post=122"}],"version-history":[{"count":0,"href":"https:\/\/www.juliettezara.net\/enfantissages\/index.php\/wp-json\/wp\/v2\/posts\/122\/revisions"}],"wp:attachment":[{"href":"https:\/\/www.juliettezara.net\/enfantissages\/index.php\/wp-json\/wp\/v2\/media?parent=122"}],"wp:term":[{"taxonomy":"category","embeddable":true,"href":"https:\/\/www.juliettezara.net\/enfantissages\/index.php\/wp-json\/wp\/v2\/categories?post=122"},{"taxonomy":"post_tag","embeddable":true,"href":"https:\/\/www.juliettezara.net\/enfantissages\/index.php\/wp-json\/wp\/v2\/tags?post=122"}],"curies":[{"name":"wp","href":"https:\/\/api.w.org\/{rel}","templated":true}]}}