{"id":228,"date":"2007-11-18T12:32:14","date_gmt":"2007-11-18T11:32:14","guid":{"rendered":"http:\/\/www.juliettezara.net\/enfantissages\/index.php\/2007\/11\/18\/bloguer-ou-ne-pas\/"},"modified":"2007-12-11T16:59:25","modified_gmt":"2007-12-11T15:59:25","slug":"bloguer-ou-ne-pas","status":"publish","type":"post","link":"https:\/\/www.juliettezara.net\/enfantissages\/index.php\/2007\/11\/18\/bloguer-ou-ne-pas\/","title":{"rendered":"Bloguer ou ne pas&#8230;"},"content":{"rendered":"<p>Depuis que je tiens ce blog, c&rsquo;est-\u00e0-dire pas tr\u00e8s longtemps, je me demande r\u00e9guli\u00e8rement si vraiment je devrais continuer. Est-ce une forme d&rsquo;expression qui me convient? <a href=\"http:\/\/www.juliettezara.net\/enfantissages\/index.php\/2007\/10\/31\/hesitation\/\">Comme \u00e0 mon habitude<\/a>, je n&rsquo;arrive pas \u00e0 vivre la chose avec l\u00e9g\u00e8ret\u00e9. Non pas qu&rsquo;il s&rsquo;agisse d&rsquo;une activit\u00e9 (forc\u00e9ment) frivole, mais je m&rsquo;y investis \u00e9motionnellement \u00e0 l&rsquo;exc\u00e8s, et par cons\u00e9quent, le plaisir d&rsquo;\u00e9crire et de simplement partager n&rsquo;est pas toujours au rendez-vous. Quand certains arrivent \u00e0 vaincre leur timidit\u00e9 par le truchement de leur blog et se laissent aller \u00e0 se montrer sans crainte, moi, je n&rsquo;y arrive pas. Je ressens ici les m\u00eames blocages que dans la vraie vie, la m\u00eame peur de passer inaper\u00e7ue derri\u00e8re ma r\u00e9serve, la m\u00eame difficult\u00e9 \u00e0 aller vers les autres pour cr\u00e9er des liens.<\/p>\n<p>Etrangement, j&rsquo;ai la nostalgie de <a href=\"http:\/\/www.juliettezara.net\/enfantissages\/index.php\/category\/retourne-vers-toi\/\">ce carnet<\/a> que j&rsquo;ai tenu quelques mois, avant celui-ci. J&rsquo;y avais moins l&rsquo;attente d&rsquo;\u00eatre lue, je lan\u00e7ais mes mots comme des bouteilles \u00e0 la mer. Je n&rsquo;avais \u00e0 ma connaissance que quatre lectrices, mais leur fid\u00e9lit\u00e9 et leur amiti\u00e9 me touchaient plus que tout. <\/p>\n<p>Pourtant j&rsquo;ai envie de pers\u00e9v\u00e9rer, ici, dans mon nouveau chez moi. Mais quelques changements s&rsquo;imposent. Premi\u00e8rement, je vais reprendre mon ancien pseudo, S\u00e9r\u00e9nissime. M\u00eame si la s\u00e9r\u00e9nit\u00e9 n&rsquo;est pas exactement ce qui me caract\u00e9rise, je m&rsquo;y reconnais plus, tout simplement. C&rsquo;est Venise qui me l&rsquo;a inspir\u00e9, et Gracq et son Rivage des Syrtes, deux lieux dans lesquels je me sens bien, qui appartiennent \u00e0 la trame de mon histoire. En revanche, Apprentie -m\u00eame si cela \u00e9voque en quelque sorte une r\u00e9alit\u00e9 quotidienne, celle d&rsquo;apprentissages toujours renouvel\u00e9s, encore et encore- ce n&rsquo;est pas moi, il y a quelque chose dans la sonorit\u00e9 qui ne chante pas en moi. Alors exit, Apprentie, je \u00ab\u00a0retourne vers moi\u00a0\u00bb et les prochains articles seront \u00e9crits par S\u00e9r\u00e9nissime.<\/p>\n<p>L&rsquo;autre changement que je voudrais mettre en oeuvre concerne les cat\u00e9gories de ce blog. J&rsquo;ai du mal avec cette notion. D&rsquo;ailleurs, l&rsquo;une des raisons pour lesquelles j&rsquo;avais opt\u00e9 pour WordPress \u00e9tait cette possibilit\u00e9 de ranger un article sous plusieurs cat\u00e9gories. Je pr\u00e9f\u00e8re de loin le syst\u00e8me des mots-cl\u00e9s, dont j&rsquo;use et abuse avec gourmandise. Supprimer les cat\u00e9gories? Mes articles ne peuvent pr\u00e9tendre \u00e0 l&rsquo;unit\u00e9 de ton ou de style d&rsquo;une certaine <a href=\"http:\/\/laporteouverte.blogspot.com\/\">porte ouverte<\/a> par exemple. Et ni \u00e0 venir se ranger sagement dans des tiroirs pr\u00e9destin\u00e9s par moi-m\u00eame. Sans doute est-ce le chaos dans mon esprit, comme l&rsquo;expression d&rsquo;un refus. Un refus dans lequel <a href=\"http:\/\/www.juliettezara.net\/enfantissages\/index.php\/2007\/10\/31\/hesitation\/#comments\">je me reconnais<\/a> tout enti\u00e8re pour le coup!<br \/>\nAlors le chantier est ouvert. D&rsquo;ailleurs si vous avez des suggestions, je suis tout ou\u00efe.<\/p>\n","protected":false},"excerpt":{"rendered":"<p>Depuis que je tiens ce blog, c&rsquo;est-\u00e0-dire pas tr\u00e8s longtemps, je me demande r\u00e9guli\u00e8rement si vraiment je devrais continuer. Est-ce une forme d&rsquo;expression qui me convient? Comme \u00e0 mon habitude, je n&rsquo;arrive pas \u00e0 vivre la chose avec l\u00e9g\u00e8ret\u00e9. Non &hellip; <a href=\"https:\/\/www.juliettezara.net\/enfantissages\/index.php\/2007\/11\/18\/bloguer-ou-ne-pas\/\">Continuer la lecture <span class=\"meta-nav\">&rarr;<\/span><\/a><\/p>\n","protected":false},"author":1,"featured_media":0,"comment_status":"open","ping_status":"open","sticky":false,"template":"","format":"standard","meta":[],"categories":[20],"tags":[],"_links":{"self":[{"href":"https:\/\/www.juliettezara.net\/enfantissages\/index.php\/wp-json\/wp\/v2\/posts\/228"}],"collection":[{"href":"https:\/\/www.juliettezara.net\/enfantissages\/index.php\/wp-json\/wp\/v2\/posts"}],"about":[{"href":"https:\/\/www.juliettezara.net\/enfantissages\/index.php\/wp-json\/wp\/v2\/types\/post"}],"author":[{"embeddable":true,"href":"https:\/\/www.juliettezara.net\/enfantissages\/index.php\/wp-json\/wp\/v2\/users\/1"}],"replies":[{"embeddable":true,"href":"https:\/\/www.juliettezara.net\/enfantissages\/index.php\/wp-json\/wp\/v2\/comments?post=228"}],"version-history":[{"count":0,"href":"https:\/\/www.juliettezara.net\/enfantissages\/index.php\/wp-json\/wp\/v2\/posts\/228\/revisions"}],"wp:attachment":[{"href":"https:\/\/www.juliettezara.net\/enfantissages\/index.php\/wp-json\/wp\/v2\/media?parent=228"}],"wp:term":[{"taxonomy":"category","embeddable":true,"href":"https:\/\/www.juliettezara.net\/enfantissages\/index.php\/wp-json\/wp\/v2\/categories?post=228"},{"taxonomy":"post_tag","embeddable":true,"href":"https:\/\/www.juliettezara.net\/enfantissages\/index.php\/wp-json\/wp\/v2\/tags?post=228"}],"curies":[{"name":"wp","href":"https:\/\/api.w.org\/{rel}","templated":true}]}}