{"id":84,"date":"2007-07-24T17:16:23","date_gmt":"2007-07-24T15:16:23","guid":{"rendered":"http:\/\/www.juliettezara.net\/enfantissages\/index.php\/2007\/07\/24\/memoire-de-lombre-et-de-la-lumiere\/"},"modified":"2009-10-09T11:16:31","modified_gmt":"2009-10-09T09:16:31","slug":"memoire-de-lombre-et-de-la-lumiere","status":"publish","type":"post","link":"https:\/\/www.juliettezara.net\/enfantissages\/index.php\/2007\/07\/24\/memoire-de-lombre-et-de-la-lumiere\/","title":{"rendered":"M\u00e9moire de l&rsquo;ombre et de la lumi\u00e8re"},"content":{"rendered":"<p><a href=\"http:\/\/www.juliettezara.net\/enfantissages\/wp-content\/img_3847.jpg\" title=\"img_3847.jpg\"><img decoding=\"async\" src=\"http:\/\/www.juliettezara.net\/enfantissages\/wp-content\/img_3847.jpg\" alt=\"img_3847.jpg\" width=\"480\" \/><\/a><\/p>\n<p>Ces derniers jours il y avait au square un groupe d&rsquo;enfants juifs, des enfants de tous \u00e2ges sous la conduite de quelques adolescentes. Toutes les filles en jupes, jupes \u00e0 volants, souvent en brun et en noir. Quelques gar\u00e7ons portent la <em>kipa<\/em> et on aper\u00e7oit les <em>Tsitsit*<\/em> de leur petit <em>Talit*<\/em> d\u00e9passant de chaque c\u00f4t\u00e9 de leur chemise.<\/p>\n<p>Les plus petits courent en tout sens, comme un groupe de moineaux qui tour \u00e0 tour se rassemblent et s&rsquo;\u00e9gayent en poussant de joyeux cris. Les \u00ab\u00a0Miriam\u00a0\u00bb, \u00ab\u00a0Rachel\u00a0\u00bb, \u00ab\u00a0J\u00e9r\u00e9mie\u00a0\u00bb, fusent \u00e7a et l\u00e0. Les filles ont enlev\u00e9 leurs chaussures, qui tra\u00eenent en tas pr\u00e8s de la balan\u00e7oire. Quelques gar\u00e7ons ont entrepris l&rsquo;escalade des hautes cl\u00f4tures qui enserrent le jardin. Les grandes se sont rassembl\u00e9es autour d&rsquo;un banc, les unes assises, les autres en tailleur par terre. Elles se racontent des histoires, les derniers potins.<\/p>\n<p>Un peu avant huit heures, un agent municipal vient fermer le square. Il faut partir. Les ombres se sont tellement allong\u00e9es qu&rsquo;elles se perdent dans les massifs. Tout s&rsquo;est envelopp\u00e9 d&rsquo;une lumi\u00e8re dor\u00e9e \u00e0 l&rsquo;approche du soir. Les grandes prennent en charge les petits. Il faut rentrer. Certaines disent qu&rsquo;il faut aller \u00e0 droite, c&rsquo;est plus court, les autres, \u00e0 gauche, au moins par l\u00e0 on conna\u00eet le chemin. Une derni\u00e8re attend les deux retardataires qui n&rsquo;ont pas encore remis leurs chaussures. Finalement voil\u00e0 le groupe rassembl\u00e9, qui se met en route et s&rsquo;\u00e9loigne, tourne au coin de la rue et dispara\u00eet.<\/p>\n<p><center>*<\/center><\/p>\n<p>Je repense souvent \u00e0 ma visite \u00e0 <em><a href=\"http:\/\/www.yadvashem.org\/\">Yad Vashem<\/a><\/em>, le m\u00e9morial de la <em>Shoah<\/em> \u00e0 J\u00e9rusalem. Il s&rsquo;y trouve un m\u00e9morial d\u00e9di\u00e9 aux enfants. C&rsquo;est une grotte plong\u00e9e dans l&rsquo;obscurit\u00e9. Des flammes de bougies s&rsquo;y refl\u00e8tent \u00e0 l&rsquo;infini par un jeu de miroir. Ces \u00e9toiles qui scintillent dans la nuit, c&rsquo;est la post\u00e9rit\u00e9 d&rsquo;Abraham. Des voix \u00e9gr\u00e8nent sans fin le nom, l&rsquo;\u00e2ge et le pays d&rsquo;origine des enfants assassin\u00e9s. \u00c9trangement, je me souviens de ma col\u00e8re, parce que quelqu&rsquo;un avait rompu mon fil m\u00e9ditatif en prenant une photo avec un flash retentissant. Mais qu&rsquo;y avait-il \u00e0 prendre en photo? Cette obscurit\u00e9? Ces voix lointaines? Ces minuscules points de lumi\u00e8re fr\u00e9missants et fragiles?<\/p>\n<p><center>*<\/center><\/p>\n<p>De la fen\u00eatre de ma cuisine, j&rsquo;aper\u00e7ois d&rsquo;autres cuisines qui donnent sur la cour. Parfois le soir, \u00e0 une fen\u00eatre d&rsquo;en face, j&rsquo;aper\u00e7ois quelques bougies qui brillent, seules, dans la p\u00e9nombre. C&rsquo;est la ma\u00eetresse de maison qui a allum\u00e9 les <em>N\u00e9rot chel Chabbat<\/em>, puis la famille s&rsquo;est rendue \u00e0 la synagogue. Et je me dis \u00ab\u00a0tiens! c&rsquo;est Chabbat!\u00a0\u00bb, et j&rsquo;aime y jeter un coup d&rsquo;oeil, \u00e0 chacun de mes passages \u00e0 la cuisine.<\/p>\n<p><center>*<\/center><\/p>\n<p>Ombre et lumi\u00e8re, sculptent le temps, sculptent l&rsquo;espace, offrent au monde une pulsation vivante, un corps vibratile. Des bougies allum\u00e9es, des lettres noires sur fond blanc, des traces \u00e9ph\u00e9m\u00e8res de m\u00e9moire.<\/p>\n<p>* Talit: ch\u00e2le de pri\u00e8re; Tsitsit: franges du Talit comportant des noeuds, symboles du Nom divin.<\/p>\n","protected":false},"excerpt":{"rendered":"<p>Ces derniers jours il y avait au square un groupe d&rsquo;enfants juifs, des enfants de tous \u00e2ges sous la conduite de quelques adolescentes. Toutes les filles en jupes, jupes \u00e0 volants, souvent en brun et en noir. Quelques gar\u00e7ons portent &hellip; <a href=\"https:\/\/www.juliettezara.net\/enfantissages\/index.php\/2007\/07\/24\/memoire-de-lombre-et-de-la-lumiere\/\">Continuer la lecture <span class=\"meta-nav\">&rarr;<\/span><\/a><\/p>\n","protected":false},"author":1,"featured_media":0,"comment_status":"open","ping_status":"open","sticky":false,"template":"","format":"standard","meta":[],"categories":[24],"tags":[],"_links":{"self":[{"href":"https:\/\/www.juliettezara.net\/enfantissages\/index.php\/wp-json\/wp\/v2\/posts\/84"}],"collection":[{"href":"https:\/\/www.juliettezara.net\/enfantissages\/index.php\/wp-json\/wp\/v2\/posts"}],"about":[{"href":"https:\/\/www.juliettezara.net\/enfantissages\/index.php\/wp-json\/wp\/v2\/types\/post"}],"author":[{"embeddable":true,"href":"https:\/\/www.juliettezara.net\/enfantissages\/index.php\/wp-json\/wp\/v2\/users\/1"}],"replies":[{"embeddable":true,"href":"https:\/\/www.juliettezara.net\/enfantissages\/index.php\/wp-json\/wp\/v2\/comments?post=84"}],"version-history":[{"count":0,"href":"https:\/\/www.juliettezara.net\/enfantissages\/index.php\/wp-json\/wp\/v2\/posts\/84\/revisions"}],"wp:attachment":[{"href":"https:\/\/www.juliettezara.net\/enfantissages\/index.php\/wp-json\/wp\/v2\/media?parent=84"}],"wp:term":[{"taxonomy":"category","embeddable":true,"href":"https:\/\/www.juliettezara.net\/enfantissages\/index.php\/wp-json\/wp\/v2\/categories?post=84"},{"taxonomy":"post_tag","embeddable":true,"href":"https:\/\/www.juliettezara.net\/enfantissages\/index.php\/wp-json\/wp\/v2\/tags?post=84"}],"curies":[{"name":"wp","href":"https:\/\/api.w.org\/{rel}","templated":true}]}}