{"id":87,"date":"2007-07-26T22:03:53","date_gmt":"2007-07-26T20:03:53","guid":{"rendered":"http:\/\/www.juliettezara.net\/enfantissages\/index.php\/2007\/07\/26\/lenteur-2-flaner\/"},"modified":"2009-10-10T11:37:46","modified_gmt":"2009-10-10T09:37:46","slug":"lenteur-2-flaner","status":"publish","type":"post","link":"https:\/\/www.juliettezara.net\/enfantissages\/index.php\/2007\/07\/26\/lenteur-2-flaner\/","title":{"rendered":"Lenteur, 2 : Fl\u00e2ner"},"content":{"rendered":"<p>C&rsquo;est un lieu commun de le dire, mais fl\u00e2ner \u00e0 Paris rel\u00e8ve de la gageure. Trop de bruit, trop de monde, trop d&rsquo;agitation et d&#8217;empressement. Mon lieu commun \u00e0 moi, c&rsquo;est fl\u00e2ner le long des quais de la Seine, s&rsquo;arr\u00eater devant un bouquiniste, prendre une vieille \u00e9dition originale prot\u00e9g\u00e9e de la poussi\u00e8re urbaine par sa couverture transparente, jeter un coup d&rsquo;oeil furtif au prix, inscrit au crayon dans le coin sup\u00e9rieur droit de la premi\u00e8re page, reposer le livre, un recueil d&rsquo;Aragon, reprendre tranquillement son chemin. C&rsquo;\u00e9tait il y a bien longtemps. Aujourd&rsquo;hui, je fl\u00e2ne jusqu&rsquo;au square, en fin d&rsquo;apr\u00e8s-midi, avec ma fille contre moi. Je suis le chemin que mes pas ont choisi, au fil des jours. La rue commer\u00e7ante. Je jette un coup d&rsquo;oeil distrait aux \u00e9tals de poisson ou de fruits, les barquettes de framboises me font de l&rsquo;oeil, mais je continue ma route. Je ne passe pas inaper\u00e7ue&#8230; enfin plut\u00f4t, c&rsquo;est ma fille envelopp\u00e9e dans son \u00e9charpe qui attire les regards, attendris ou curieux. Je longe l&rsquo;\u00e9glise, et parfois, rarement, j&rsquo;y entre quelques instants. J&rsquo;esp\u00e8re toujours m&rsquo;y rencontrer moi-m\u00eame, dans ce silence qui r\u00e9sonne de toute la hauteur de la vo\u00fbte, dans cette atmosph\u00e8re lourde d&rsquo;un recueillement qui me serait presque&#8230; \u00e9tranger. Je ne m&rsquo;y suis pas trouv\u00e9e, alors je retourne \u00e0 l&rsquo;agitation profane de la rue et reprends mon chemin. Quelque chose a chang\u00e9, malgr\u00e9 tout. Peut-\u00eatre est-ce mon regard sur les choses ou juste la lumi\u00e8re du jour&#8230;<\/p>\n","protected":false},"excerpt":{"rendered":"<p>C&rsquo;est un lieu commun de le dire, mais fl\u00e2ner \u00e0 Paris rel\u00e8ve de la gageure. Trop de bruit, trop de monde, trop d&rsquo;agitation et d&#8217;empressement. Mon lieu commun \u00e0 moi, c&rsquo;est fl\u00e2ner le long des quais de la Seine, s&rsquo;arr\u00eater &hellip; <a href=\"https:\/\/www.juliettezara.net\/enfantissages\/index.php\/2007\/07\/26\/lenteur-2-flaner\/\">Continuer la lecture <span class=\"meta-nav\">&rarr;<\/span><\/a><\/p>\n","protected":false},"author":1,"featured_media":0,"comment_status":"open","ping_status":"open","sticky":false,"template":"","format":"standard","meta":[],"categories":[24],"tags":[],"_links":{"self":[{"href":"https:\/\/www.juliettezara.net\/enfantissages\/index.php\/wp-json\/wp\/v2\/posts\/87"}],"collection":[{"href":"https:\/\/www.juliettezara.net\/enfantissages\/index.php\/wp-json\/wp\/v2\/posts"}],"about":[{"href":"https:\/\/www.juliettezara.net\/enfantissages\/index.php\/wp-json\/wp\/v2\/types\/post"}],"author":[{"embeddable":true,"href":"https:\/\/www.juliettezara.net\/enfantissages\/index.php\/wp-json\/wp\/v2\/users\/1"}],"replies":[{"embeddable":true,"href":"https:\/\/www.juliettezara.net\/enfantissages\/index.php\/wp-json\/wp\/v2\/comments?post=87"}],"version-history":[{"count":0,"href":"https:\/\/www.juliettezara.net\/enfantissages\/index.php\/wp-json\/wp\/v2\/posts\/87\/revisions"}],"wp:attachment":[{"href":"https:\/\/www.juliettezara.net\/enfantissages\/index.php\/wp-json\/wp\/v2\/media?parent=87"}],"wp:term":[{"taxonomy":"category","embeddable":true,"href":"https:\/\/www.juliettezara.net\/enfantissages\/index.php\/wp-json\/wp\/v2\/categories?post=87"},{"taxonomy":"post_tag","embeddable":true,"href":"https:\/\/www.juliettezara.net\/enfantissages\/index.php\/wp-json\/wp\/v2\/tags?post=87"}],"curies":[{"name":"wp","href":"https:\/\/api.w.org\/{rel}","templated":true}]}}